{"id":18,"date":"2020-01-21T22:40:03","date_gmt":"2020-01-21T22:40:03","guid":{"rendered":"https:\/\/2040.pt\/?p=18"},"modified":"2020-07-22T22:56:15","modified_gmt":"2020-07-22T22:56:15","slug":"21-janeiro","status":"publish","type":"post","link":"https:\/\/2040.pt\/index.php\/2020\/01\/21\/21-janeiro\/","title":{"rendered":"21 janeiro"},"content":{"rendered":"\n<p>A chegada dos primeiros seres humanos a Marte est\u00e1 cada vez mais pr\u00f3xima. A esta\u00e7\u00e3o marciana criada para receber humanos e animais dom\u00e9sticos est\u00e1 quase conclu\u00edda, faltando apenas que os&nbsp;astrobots&nbsp;certifiquem todos os sistemas, para&nbsp;que n\u00e3o&nbsp;haja&nbsp;quaisquer d\u00favidas sobre o&nbsp;oxig\u00e9nio&nbsp;que estar\u00e1 dispon\u00edvel&nbsp;para&nbsp;os 5 anos da 1\u00aa miss\u00e3o&nbsp;e&nbsp;qual a&nbsp;\u00e1gua&nbsp;existente&nbsp;para os primeiros meses, enquanto n\u00e3o for poss\u00edvel aproveitar as reservas existentes no planeta.&nbsp;<\/p>\n\n\n\n<p>Todos foram geneticamente atualizados para n\u00e3o necessitarem de muito oxig\u00e9nio nem \u00e1gua, mas ainda h\u00e1 muitas situa\u00e7\u00f5es que est\u00e3o fora de controlo e n\u00e3o existir\u00e3o muitas possibilidades de corrigir eventuais defici\u00eancias ou anomalias, apesar das naves log\u00edsticas que ir\u00e3o estar permanentemente em circula\u00e7\u00e3o. A 2\u00aa miss\u00e3o s\u00f3 partir\u00e1 no final do ano, quando a 1\u00aa&nbsp;marciar, e levar\u00e1 2 anos a chegar \u00e0 primeira aldeia de Marte, batizada de&nbsp;Marturbo, palavra em esperanto, l\u00edngua parcialmente adotada j\u00e1 faz 5 anos e que em boa hora veio por ordem nos neologismos que invadiram todas as l\u00ednguas mundiais, desde o advento da internet h\u00e1 mais de 40 anos.&nbsp;<\/p>\n\n\n\n<p>Continuo a falar, escrever e pensar em portugu\u00eas, como sempre fiz ao longo de toda a vida, mas com a cria\u00e7\u00e3o constante de novas palavras, aos poucos, o portugu\u00eas nativo aproximou-se cada vez mais de todas as outras l\u00ednguas e nesse sentido muitos povos em boa hora decidiram aglutinar a sua l\u00edngua m\u00e3e ao esperanto. N\u00e3o fazia sentido que cada um criasse a sua nova palavra. De qualquer modo, os&nbsp;tradukibot<sup>4<\/sup>&nbsp;h\u00e1 muito que resolveram o problema de conversar com pessoas&nbsp;ou m\u00e1quinas&nbsp;de outros idiomas nativos, seja de forma virtual ou presencial ou at\u00e9 de ler livros noutras l\u00ednguas, apesar de atualmente j\u00e1&nbsp;s\u00e3o feitos&nbsp;poucos livros em papel, tal o custo associado \u00e0 sua impress\u00e3o e&nbsp;pelos&nbsp;custos ambientais&nbsp;que acarreta. Felizmente, hoje \u00e9 poss\u00edvel ler ou ouvir tudo o que foi escrito na l\u00edngua que&nbsp;quisermos.&nbsp;##ainda guarda livros. E biblioteca municipal???##&nbsp;<\/p>\n\n\n\n<p>Eu ainda sou do tempo em que na escola se aprendiam l\u00ednguas estrangeiras. Fui aluno do Externato Irene Lisboa h\u00e1 mais de 60 anos e na altura aprendia-se duas l\u00ednguas estrangeiras. Eu aprendi Ingl\u00eas e Franc\u00eas. Hoje raramente pratico o ingl\u00eas e quase que j\u00e1 me esqueci de tudo, apesar das viagens que ainda vou fazendo. Essa escola funcionou onde atualmente \u00e9 a \u201cCasa dos Cora\u00e7\u00f5es\u201d, resid\u00eancia privada, e no jardim p\u00fablico contru\u00eddo nos antigos pavilh\u00f5es da escola, atrav\u00e9s de fundos locais recolhidos de uma peti\u00e7\u00e3o p\u00fablica lan\u00e7ada por dois jovens arrudenses e que teve o meu apoio imediato. Nem foi preciso muito tempo para que todo o dinheiro necess\u00e1rio fosse recolhido. Ao fim de 3 dias j\u00e1 tinha sido angariado o valor necess\u00e1rio e a proposta de projeto discutida e aprovada pelos 43 subscritores da peti\u00e7\u00e3o, que tamb\u00e9m ser\u00e3o respons\u00e1veis pela manuten\u00e7\u00e3o do espa\u00e7o.&nbsp;&nbsp;<\/p>\n\n\n\n<p>A l\u00edngua portuguesa, no in\u00edcio dos anos 20 era l\u00edngua oficial de 7 pa\u00edses. Em&nbsp;2029, os brasileiros resolveram emanciparem-se linguisticamente chamando brasileiro \u00e0quela coisa que usavam para comunicar, numa proposta apresentada por um candidato presidencial que viria a ganhar as elei\u00e7\u00f5es. Mal chegou ao poder foi a primeira coisa que fez: \u201cO meu discurso \u00e9 o primeiro feito na nova l\u00edngua mundial: O brasileiro\u201d. A comunidade mundial na altura n\u00e3o deu muita import\u00e2ncia ao assunto&nbsp;e&nbsp;passado algum tempo foi for\u00e7ada a aceitar a nova designa\u00e7\u00e3o. Quando era estudante&nbsp;universit\u00e1rio j\u00e1 o Brasil tinha por tradi\u00e7\u00e3o traduzir literalmente todas as novas palavras que apareciam em ingl\u00eas. Com o aparecimento da internet, a coisa descambou e todos os analfabetos lingu\u00edsticos passaram a ser editores e o poder pol\u00edtico da altura tamb\u00e9m promoveu a iliteracia. Na altura, Portugal ainda tentou minimizar com alguns acordos ortogr\u00e1ficos, mas sem grande sucesso, at\u00e9 porque os acordos propostos e aprovados tamb\u00e9m deixavam muito a desejar.&nbsp;<\/p>\n\n\n\n<p>Os outros pa\u00edses que ainda t\u00eam o portugu\u00eas como l\u00edngua oficial tamb\u00e9m aderiram ao esperanto na mesma altura e perderam muito das suas l\u00ednguas tradicionais, embora em alguns casos tenha sido poss\u00edvel guardar digitalmente muito desse patrim\u00f3nio.&nbsp; A minha bisav\u00f3 que nasceu em Angola, falava&nbsp;quibumbo, a mais importante l\u00edngua nacional, mas que tamb\u00e9m se perdeu no tempo face ao desenvolvimento de Angola e ao avan\u00e7o da escolariza\u00e7\u00e3o nos anos 20 feita&nbsp;100%&nbsp;em portugu\u00eas.&nbsp;<\/p>\n\n\n\n<p>Pa\u00edses como o Luxemburgo e o Su\u00ed\u00e7a tamb\u00e9m reconheceram a l\u00edngua portuguesa como oficial nos anos 20,&nbsp;face ao n\u00famero de portugueses que por l\u00e1 viviam&nbsp;e vivem, apesar de todas as resist\u00eancias para o fazerem, uma vez que durante muito tempo os portugueses tinham empregos que os naturais desses&nbsp;pa\u00edses&nbsp;n\u00e3o queriam&nbsp;e por isso eram vistos&nbsp;como cidad\u00e3os de segunda.&nbsp;Hoje, descendentes de portugueses ocupam cargos de relevo e muitas das profiss\u00f5es&nbsp;dos seus antepassados&nbsp;j\u00e1 desapareceram, estando apenas dispon\u00edveis na mem\u00f3ria dos mais velhos ou nos&nbsp;arquivos dos&nbsp;museus&nbsp;digitais.&nbsp;<\/p>\n","protected":false},"excerpt":{"rendered":"<p>A chegada dos primeiros seres humanos a Marte est\u00e1 cada vez mais pr\u00f3xima. A esta\u00e7\u00e3o marciana criada para receber humanos e animais dom\u00e9sticos est\u00e1 quase conclu\u00edda, faltando apenas que os&nbsp;astrobots&nbsp;certifiquem todos os sistemas, para&nbsp;que n\u00e3o&nbsp;haja&nbsp;quaisquer d\u00favidas sobre o&nbsp;oxig\u00e9nio&nbsp;que estar\u00e1 dispon\u00edvel&nbsp;para&nbsp;os 5 anos da 1\u00aa miss\u00e3o&nbsp;e&nbsp;qual a&nbsp;\u00e1gua&nbsp;existente&nbsp;para os primeiros meses, enquanto n\u00e3o for poss\u00edvel aproveitar as [&hellip;]<\/p>\n","protected":false},"author":1,"featured_media":20,"comment_status":"open","ping_status":"closed","sticky":false,"template":"","format":"standard","meta":{"_monsterinsights_skip_tracking":false,"_monsterinsights_sitenote_active":false,"_monsterinsights_sitenote_note":"","_monsterinsights_sitenote_category":0,"footnotes":""},"categories":[2],"tags":[],"class_list":["post-18","post","type-post","status-publish","format-standard","has-post-thumbnail","hentry","category-arruda-2040"],"yoast_head":"<!-- This site is optimized with the Yoast SEO plugin v25.6 - https:\/\/yoast.com\/wordpress\/plugins\/seo\/ -->\n<title>21 janeiro - 2040<\/title>\n<meta name=\"robots\" content=\"index, follow, max-snippet:-1, max-image-preview:large, max-video-preview:-1\" \/>\n<link rel=\"canonical\" href=\"https:\/\/2040.pt\/index.php\/2020\/01\/21\/21-janeiro\/\" \/>\n<meta property=\"og:locale\" content=\"pt_PT\" \/>\n<meta property=\"og:type\" content=\"article\" \/>\n<meta property=\"og:title\" content=\"21 janeiro - 2040\" \/>\n<meta property=\"og:description\" content=\"A chegada dos primeiros seres humanos a Marte est\u00e1 cada vez mais pr\u00f3xima. A esta\u00e7\u00e3o marciana criada para receber humanos e animais dom\u00e9sticos est\u00e1 quase conclu\u00edda, faltando apenas que os&nbsp;astrobots&nbsp;certifiquem todos os sistemas, para&nbsp;que n\u00e3o&nbsp;haja&nbsp;quaisquer d\u00favidas sobre o&nbsp;oxig\u00e9nio&nbsp;que estar\u00e1 dispon\u00edvel&nbsp;para&nbsp;os 5 anos da 1\u00aa miss\u00e3o&nbsp;e&nbsp;qual a&nbsp;\u00e1gua&nbsp;existente&nbsp;para os primeiros meses, enquanto n\u00e3o for poss\u00edvel aproveitar as [&hellip;]\" \/>\n<meta property=\"og:url\" content=\"https:\/\/2040.pt\/index.php\/2020\/01\/21\/21-janeiro\/\" \/>\n<meta property=\"og:site_name\" content=\"2040\" \/>\n<meta property=\"article:published_time\" content=\"2020-01-21T22:40:03+00:00\" \/>\n<meta property=\"article:modified_time\" content=\"2020-07-22T22:56:15+00:00\" \/>\n<meta property=\"og:image\" content=\"https:\/\/2040.pt\/wp-content\/uploads\/2020\/01\/marte.png\" \/>\n\t<meta property=\"og:image:width\" content=\"1151\" \/>\n\t<meta property=\"og:image:height\" content=\"910\" \/>\n\t<meta property=\"og:image:type\" content=\"image\/png\" \/>\n<meta name=\"author\" content=\"admin\" \/>\n<meta name=\"twitter:card\" content=\"summary_large_image\" \/>\n<meta name=\"twitter:label1\" content=\"Escrito por\" \/>\n\t<meta name=\"twitter:data1\" content=\"admin\" \/>\n\t<meta name=\"twitter:label2\" content=\"Tempo estimado de leitura\" \/>\n\t<meta name=\"twitter:data2\" content=\"5 minutos\" \/>\n<script type=\"application\/ld+json\" class=\"yoast-schema-graph\">{\"@context\":\"https:\/\/schema.org\",\"@graph\":[{\"@type\":\"WebPage\",\"@id\":\"https:\/\/2040.pt\/index.php\/2020\/01\/21\/21-janeiro\/\",\"url\":\"https:\/\/2040.pt\/index.php\/2020\/01\/21\/21-janeiro\/\",\"name\":\"21 janeiro - 2040\",\"isPartOf\":{\"@id\":\"https:\/\/2040.pt\/#website\"},\"primaryImageOfPage\":{\"@id\":\"https:\/\/2040.pt\/index.php\/2020\/01\/21\/21-janeiro\/#primaryimage\"},\"image\":{\"@id\":\"https:\/\/2040.pt\/index.php\/2020\/01\/21\/21-janeiro\/#primaryimage\"},\"thumbnailUrl\":\"https:\/\/2040.pt\/wp-content\/uploads\/2020\/01\/marte.png\",\"datePublished\":\"2020-01-21T22:40:03+00:00\",\"dateModified\":\"2020-07-22T22:56:15+00:00\",\"author\":{\"@id\":\"https:\/\/2040.pt\/#\/schema\/person\/cd859d4e59693a3815c47b2b830753d6\"},\"breadcrumb\":{\"@id\":\"https:\/\/2040.pt\/index.php\/2020\/01\/21\/21-janeiro\/#breadcrumb\"},\"inLanguage\":\"pt-PT\",\"potentialAction\":[{\"@type\":\"ReadAction\",\"target\":[\"https:\/\/2040.pt\/index.php\/2020\/01\/21\/21-janeiro\/\"]}]},{\"@type\":\"ImageObject\",\"inLanguage\":\"pt-PT\",\"@id\":\"https:\/\/2040.pt\/index.php\/2020\/01\/21\/21-janeiro\/#primaryimage\",\"url\":\"https:\/\/2040.pt\/wp-content\/uploads\/2020\/01\/marte.png\",\"contentUrl\":\"https:\/\/2040.pt\/wp-content\/uploads\/2020\/01\/marte.png\",\"width\":1151,\"height\":910,\"caption\":\"marte\"},{\"@type\":\"BreadcrumbList\",\"@id\":\"https:\/\/2040.pt\/index.php\/2020\/01\/21\/21-janeiro\/#breadcrumb\",\"itemListElement\":[{\"@type\":\"ListItem\",\"position\":1,\"name\":\"In\u00edcio\",\"item\":\"https:\/\/2040.pt\/\"},{\"@type\":\"ListItem\",\"position\":2,\"name\":\"21 janeiro\"}]},{\"@type\":\"WebSite\",\"@id\":\"https:\/\/2040.pt\/#website\",\"url\":\"https:\/\/2040.pt\/\",\"name\":\"2040\",\"description\":\"\",\"potentialAction\":[{\"@type\":\"SearchAction\",\"target\":{\"@type\":\"EntryPoint\",\"urlTemplate\":\"https:\/\/2040.pt\/?s={search_term_string}\"},\"query-input\":{\"@type\":\"PropertyValueSpecification\",\"valueRequired\":true,\"valueName\":\"search_term_string\"}}],\"inLanguage\":\"pt-PT\"},{\"@type\":\"Person\",\"@id\":\"https:\/\/2040.pt\/#\/schema\/person\/cd859d4e59693a3815c47b2b830753d6\",\"name\":\"admin\",\"image\":{\"@type\":\"ImageObject\",\"inLanguage\":\"pt-PT\",\"@id\":\"https:\/\/2040.pt\/#\/schema\/person\/image\/\",\"url\":\"https:\/\/secure.gravatar.com\/avatar\/1cefd1d0e7866666143f53518be51634f86597367873c769b2c46a0d1b0e64f0?s=96&d=mm&r=g\",\"contentUrl\":\"https:\/\/secure.gravatar.com\/avatar\/1cefd1d0e7866666143f53518be51634f86597367873c769b2c46a0d1b0e64f0?s=96&d=mm&r=g\",\"caption\":\"admin\"},\"sameAs\":[\"https:\/\/2040.pt\"],\"url\":\"https:\/\/2040.pt\/index.php\/author\/amsalgueiro_20mbbe3d\/\"}]}<\/script>\n<!-- \/ Yoast SEO plugin. -->","yoast_head_json":{"title":"21 janeiro - 2040","robots":{"index":"index","follow":"follow","max-snippet":"max-snippet:-1","max-image-preview":"max-image-preview:large","max-video-preview":"max-video-preview:-1"},"canonical":"https:\/\/2040.pt\/index.php\/2020\/01\/21\/21-janeiro\/","og_locale":"pt_PT","og_type":"article","og_title":"21 janeiro - 2040","og_description":"A chegada dos primeiros seres humanos a Marte est\u00e1 cada vez mais pr\u00f3xima. A esta\u00e7\u00e3o marciana criada para receber humanos e animais dom\u00e9sticos est\u00e1 quase conclu\u00edda, faltando apenas que os&nbsp;astrobots&nbsp;certifiquem todos os sistemas, para&nbsp;que n\u00e3o&nbsp;haja&nbsp;quaisquer d\u00favidas sobre o&nbsp;oxig\u00e9nio&nbsp;que estar\u00e1 dispon\u00edvel&nbsp;para&nbsp;os 5 anos da 1\u00aa miss\u00e3o&nbsp;e&nbsp;qual a&nbsp;\u00e1gua&nbsp;existente&nbsp;para os primeiros meses, enquanto n\u00e3o for poss\u00edvel aproveitar as [&hellip;]","og_url":"https:\/\/2040.pt\/index.php\/2020\/01\/21\/21-janeiro\/","og_site_name":"2040","article_published_time":"2020-01-21T22:40:03+00:00","article_modified_time":"2020-07-22T22:56:15+00:00","og_image":[{"width":1151,"height":910,"url":"https:\/\/2040.pt\/wp-content\/uploads\/2020\/01\/marte.png","type":"image\/png"}],"author":"admin","twitter_card":"summary_large_image","twitter_misc":{"Escrito por":"admin","Tempo estimado de leitura":"5 minutos"},"schema":{"@context":"https:\/\/schema.org","@graph":[{"@type":"WebPage","@id":"https:\/\/2040.pt\/index.php\/2020\/01\/21\/21-janeiro\/","url":"https:\/\/2040.pt\/index.php\/2020\/01\/21\/21-janeiro\/","name":"21 janeiro - 2040","isPartOf":{"@id":"https:\/\/2040.pt\/#website"},"primaryImageOfPage":{"@id":"https:\/\/2040.pt\/index.php\/2020\/01\/21\/21-janeiro\/#primaryimage"},"image":{"@id":"https:\/\/2040.pt\/index.php\/2020\/01\/21\/21-janeiro\/#primaryimage"},"thumbnailUrl":"https:\/\/2040.pt\/wp-content\/uploads\/2020\/01\/marte.png","datePublished":"2020-01-21T22:40:03+00:00","dateModified":"2020-07-22T22:56:15+00:00","author":{"@id":"https:\/\/2040.pt\/#\/schema\/person\/cd859d4e59693a3815c47b2b830753d6"},"breadcrumb":{"@id":"https:\/\/2040.pt\/index.php\/2020\/01\/21\/21-janeiro\/#breadcrumb"},"inLanguage":"pt-PT","potentialAction":[{"@type":"ReadAction","target":["https:\/\/2040.pt\/index.php\/2020\/01\/21\/21-janeiro\/"]}]},{"@type":"ImageObject","inLanguage":"pt-PT","@id":"https:\/\/2040.pt\/index.php\/2020\/01\/21\/21-janeiro\/#primaryimage","url":"https:\/\/2040.pt\/wp-content\/uploads\/2020\/01\/marte.png","contentUrl":"https:\/\/2040.pt\/wp-content\/uploads\/2020\/01\/marte.png","width":1151,"height":910,"caption":"marte"},{"@type":"BreadcrumbList","@id":"https:\/\/2040.pt\/index.php\/2020\/01\/21\/21-janeiro\/#breadcrumb","itemListElement":[{"@type":"ListItem","position":1,"name":"In\u00edcio","item":"https:\/\/2040.pt\/"},{"@type":"ListItem","position":2,"name":"21 janeiro"}]},{"@type":"WebSite","@id":"https:\/\/2040.pt\/#website","url":"https:\/\/2040.pt\/","name":"2040","description":"","potentialAction":[{"@type":"SearchAction","target":{"@type":"EntryPoint","urlTemplate":"https:\/\/2040.pt\/?s={search_term_string}"},"query-input":{"@type":"PropertyValueSpecification","valueRequired":true,"valueName":"search_term_string"}}],"inLanguage":"pt-PT"},{"@type":"Person","@id":"https:\/\/2040.pt\/#\/schema\/person\/cd859d4e59693a3815c47b2b830753d6","name":"admin","image":{"@type":"ImageObject","inLanguage":"pt-PT","@id":"https:\/\/2040.pt\/#\/schema\/person\/image\/","url":"https:\/\/secure.gravatar.com\/avatar\/1cefd1d0e7866666143f53518be51634f86597367873c769b2c46a0d1b0e64f0?s=96&d=mm&r=g","contentUrl":"https:\/\/secure.gravatar.com\/avatar\/1cefd1d0e7866666143f53518be51634f86597367873c769b2c46a0d1b0e64f0?s=96&d=mm&r=g","caption":"admin"},"sameAs":["https:\/\/2040.pt"],"url":"https:\/\/2040.pt\/index.php\/author\/amsalgueiro_20mbbe3d\/"}]}},"_links":{"self":[{"href":"https:\/\/2040.pt\/index.php\/wp-json\/wp\/v2\/posts\/18","targetHints":{"allow":["GET"]}}],"collection":[{"href":"https:\/\/2040.pt\/index.php\/wp-json\/wp\/v2\/posts"}],"about":[{"href":"https:\/\/2040.pt\/index.php\/wp-json\/wp\/v2\/types\/post"}],"author":[{"embeddable":true,"href":"https:\/\/2040.pt\/index.php\/wp-json\/wp\/v2\/users\/1"}],"replies":[{"embeddable":true,"href":"https:\/\/2040.pt\/index.php\/wp-json\/wp\/v2\/comments?post=18"}],"version-history":[{"count":1,"href":"https:\/\/2040.pt\/index.php\/wp-json\/wp\/v2\/posts\/18\/revisions"}],"predecessor-version":[{"id":19,"href":"https:\/\/2040.pt\/index.php\/wp-json\/wp\/v2\/posts\/18\/revisions\/19"}],"wp:featuredmedia":[{"embeddable":true,"href":"https:\/\/2040.pt\/index.php\/wp-json\/wp\/v2\/media\/20"}],"wp:attachment":[{"href":"https:\/\/2040.pt\/index.php\/wp-json\/wp\/v2\/media?parent=18"}],"wp:term":[{"taxonomy":"category","embeddable":true,"href":"https:\/\/2040.pt\/index.php\/wp-json\/wp\/v2\/categories?post=18"},{"taxonomy":"post_tag","embeddable":true,"href":"https:\/\/2040.pt\/index.php\/wp-json\/wp\/v2\/tags?post=18"}],"curies":[{"name":"wp","href":"https:\/\/api.w.org\/{rel}","templated":true}]}}