{"id":11,"date":"2020-01-16T21:36:42","date_gmt":"2020-01-16T21:36:42","guid":{"rendered":"https:\/\/2040.pt\/?p=11"},"modified":"2020-07-22T21:37:54","modified_gmt":"2020-07-22T21:37:54","slug":"16-de-janeiro","status":"publish","type":"post","link":"https:\/\/2040.pt\/index.php\/2020\/01\/16\/16-de-janeiro\/","title":{"rendered":"16 janeiro"},"content":{"rendered":"\n<p>Em tempos idos, 2013&nbsp;ou 2014, j\u00e1 n\u00e3o me lembro bem, come\u00e7ou a ser celebrado o dia do concelho, por ser a data da restaura\u00e7\u00e3o do&nbsp;mesmo&nbsp;em 1898.&nbsp;&nbsp;<\/p>\n\n\n\n<p>Segundo reza a lenda, o&nbsp;concelho de Arruda teve o seu primeiro foral atribu\u00eddo pelo primeiro rei portugu\u00eas dom Afonso Henriques&nbsp;em 1160&nbsp;e&nbsp;por isso poderemos dizer que este&nbsp;ano&nbsp;se completam&nbsp;880 anos&nbsp;sobre esse momento fundador, o que faz ou faria de Arruda um dos concelhos mais antigos do pa\u00eds, caso essa denomina\u00e7\u00e3o ainda existisse.&nbsp;<\/p>\n\n\n\n<p>Decorrem&nbsp;apenas 3 anos&nbsp;sobre o referendo nacional&nbsp;que decidiu pela extin\u00e7\u00e3o dos concelhos, mas desde h\u00e1 algum tempo que a sua exist\u00eancia era apenas formal. Nos anos 20, iniciou-se um processo de transfer\u00eancia de compet\u00eancias que come\u00e7ou por ser o princ\u00edpio do fim dos munic\u00edpios como eram conhecidos at\u00e9 em ent\u00e3o. Primeiro, o governo da altura fez algumas transfer\u00eancias de compet\u00eancias para os munic\u00edpios e freguesias, mas face \u00e0 crise financeira e com as altera\u00e7\u00f5es profundas na sociedade e nas institui\u00e7\u00f5es, tais transfer\u00eancias foram mais fict\u00edcias do que reais. J\u00e1 nessa altura, cada vez mais pessoas partilhavam dados com o estado e com outras institui\u00e7\u00f5es o que permitiu come\u00e7ar a repensar todo o sistema de munic\u00edpios e regi\u00f5es que existiam.&nbsp;Por outro lado, cada vez mais os&nbsp;munic\u00edpios&nbsp;trabalhavam em conjunto e muitas empresas p\u00fablicas&nbsp;geriam&nbsp;servi\u00e7os de interesse municipal, tal como&nbsp;gest\u00e3o de \u00e1gua, saneamento,&nbsp;res\u00edduos, ambiente.&nbsp;&nbsp;Aos poucos, os servi\u00e7os p\u00fablicos mais administrativos deram passos significativos para aproveitar o que a tecnologia de ent\u00e3o j\u00e1 permitia fazer e passaram a ficar dispon\u00edveis atrav\u00e9s de sistemas eletr\u00f3nicos e dessa forma muitas institui\u00e7\u00f5es p\u00fablicas foram substancialmente repensadas para essa nova realidade. Os munic\u00edpios n\u00e3o ficaram atr\u00e1s e passaram de institui\u00e7\u00f5es pesadas em termos administrativas, para servi\u00e7os mais \u00e1geis e pr\u00f3ximos das pessoas e at\u00e9, em muitos casos, para promo\u00e7\u00e3o e dinamiza\u00e7\u00e3o dos seus territ\u00f3rios e comunidade. Com os novos h\u00e1bitos digitais, o peso&nbsp;e dimens\u00e3o das autarquias&nbsp;foi perdendo significado, at\u00e9 que foi mesmo dado&nbsp;o&nbsp;passo para repensar a sua exist\u00eancia secular, levando a extin\u00e7\u00e3o e reformula\u00e7\u00e3o da grande maioria dos munic\u00edpios existentes, passando muitas das suas fun\u00e7\u00f5es e atribui\u00e7\u00f5es para entidades regionais, que, entretanto, nasceram no decorrer dos anos 20.&nbsp;<\/p>\n\n\n\n<p>Felizmente hoje existe total transpar\u00eancia, h\u00e1 maior participa\u00e7\u00e3o&nbsp;e as decis\u00f5es s\u00e3o tomadas por mais pessoas.&nbsp;No&nbsp;in\u00edcio&nbsp;dos anos 20, as&nbsp;gera\u00e7\u00f5es mais novas&nbsp;tinham taxas de vota\u00e7\u00e3o muito baixas&nbsp;por n\u00e3o acreditar no sistema eleitoral&nbsp;e&nbsp;pol\u00edtico levando a que existissem grandes taxas de absten\u00e7\u00e3o. Nos \u00faltimos anos foi poss\u00edvel melhor de forma significativa e existe&nbsp;maior controlo e abertura&nbsp;\u00e0 participa\u00e7\u00e3o, (apesar de todos os robots que existem a&nbsp;monitorizar&nbsp;o que fazemos??).&nbsp;Tamb\u00e9m ajuda, e muito, que a vida de cada um seja muito mais simplificada, que tenhamos quase todo o tempo livre e os custos de vida sejam muito mais baixos. O que antes eram toneladas de papeis e burocracia e uma necessidade permanente de pagar contas acabou&nbsp;no&nbsp;final dos&nbsp;anos 20. Todas as transforma\u00e7\u00f5es da sociedade vieram melhorar em muito a vida de cada um. S\u00f3 os problemas ambientais s\u00e3o e continuar\u00e3o a ser um grave problema com que temos&nbsp;de&nbsp;viver. Apesar dos melhores c\u00e9rebros e robots trabalharem para resolver o assunto, ainda n\u00e3o foi poss\u00edvel recuperar de todos os estragos feitos&nbsp;durante o s\u00e9culo XX e nos&nbsp;primeiros 20 anos do&nbsp;atual&nbsp;s\u00e9culo. Nem&nbsp;a clonagem e&nbsp;o repovoamento de esp\u00e9cies perdidas nos anos 10 e 20 tem ajudado a minorar&nbsp;todos os estragos que foram feitos. Talvez as gera\u00e7\u00f5es futuras venham a ter o problema resolvido, mas a volatilidade \u00e9 tanta que ningu\u00e9m sabe o que vai acontecer e at\u00e9 os melhores sistemas de intelig\u00eancia artificial se baralham nas previs\u00f5es.&nbsp;<\/p>\n","protected":false},"excerpt":{"rendered":"<p>Em tempos idos, 2013&nbsp;ou 2014, j\u00e1 n\u00e3o me lembro bem, come\u00e7ou a ser celebrado o dia do concelho, por ser a data da restaura\u00e7\u00e3o do&nbsp;mesmo&nbsp;em 1898.&nbsp;&nbsp; Segundo reza a lenda, o&nbsp;concelho de Arruda teve o seu primeiro foral atribu\u00eddo pelo primeiro rei portugu\u00eas dom Afonso Henriques&nbsp;em 1160&nbsp;e&nbsp;por isso poderemos dizer que este&nbsp;ano&nbsp;se completam&nbsp;880 anos&nbsp;sobre esse [&hellip;]<\/p>\n","protected":false},"author":1,"featured_media":0,"comment_status":"open","ping_status":"closed","sticky":false,"template":"","format":"standard","meta":{"_monsterinsights_skip_tracking":false,"_monsterinsights_sitenote_active":false,"_monsterinsights_sitenote_note":"","_monsterinsights_sitenote_category":0,"footnotes":""},"categories":[2],"tags":[],"class_list":["post-11","post","type-post","status-publish","format-standard","hentry","category-arruda-2040"],"yoast_head":"<!-- This site is optimized with the Yoast SEO plugin v25.6 - https:\/\/yoast.com\/wordpress\/plugins\/seo\/ -->\n<title>16 janeiro - 2040<\/title>\n<meta name=\"robots\" content=\"index, follow, max-snippet:-1, max-image-preview:large, max-video-preview:-1\" \/>\n<link rel=\"canonical\" href=\"https:\/\/2040.pt\/index.php\/2020\/01\/16\/16-de-janeiro\/\" \/>\n<meta property=\"og:locale\" content=\"pt_PT\" \/>\n<meta property=\"og:type\" content=\"article\" \/>\n<meta property=\"og:title\" content=\"16 janeiro - 2040\" \/>\n<meta property=\"og:description\" content=\"Em tempos idos, 2013&nbsp;ou 2014, j\u00e1 n\u00e3o me lembro bem, come\u00e7ou a ser celebrado o dia do concelho, por ser a data da restaura\u00e7\u00e3o do&nbsp;mesmo&nbsp;em 1898.&nbsp;&nbsp; Segundo reza a lenda, o&nbsp;concelho de Arruda teve o seu primeiro foral atribu\u00eddo pelo primeiro rei portugu\u00eas dom Afonso Henriques&nbsp;em 1160&nbsp;e&nbsp;por isso poderemos dizer que este&nbsp;ano&nbsp;se completam&nbsp;880 anos&nbsp;sobre esse [&hellip;]\" \/>\n<meta property=\"og:url\" content=\"https:\/\/2040.pt\/index.php\/2020\/01\/16\/16-de-janeiro\/\" \/>\n<meta property=\"og:site_name\" content=\"2040\" \/>\n<meta property=\"article:published_time\" content=\"2020-01-16T21:36:42+00:00\" \/>\n<meta property=\"article:modified_time\" content=\"2020-07-22T21:37:54+00:00\" \/>\n<meta name=\"author\" content=\"admin\" \/>\n<meta name=\"twitter:card\" content=\"summary_large_image\" \/>\n<meta name=\"twitter:label1\" content=\"Escrito por\" \/>\n\t<meta name=\"twitter:data1\" content=\"admin\" \/>\n\t<meta name=\"twitter:label2\" content=\"Tempo estimado de leitura\" \/>\n\t<meta name=\"twitter:data2\" content=\"4 minutos\" \/>\n<script type=\"application\/ld+json\" class=\"yoast-schema-graph\">{\"@context\":\"https:\/\/schema.org\",\"@graph\":[{\"@type\":\"WebPage\",\"@id\":\"https:\/\/2040.pt\/index.php\/2020\/01\/16\/16-de-janeiro\/\",\"url\":\"https:\/\/2040.pt\/index.php\/2020\/01\/16\/16-de-janeiro\/\",\"name\":\"16 janeiro - 2040\",\"isPartOf\":{\"@id\":\"https:\/\/2040.pt\/#website\"},\"datePublished\":\"2020-01-16T21:36:42+00:00\",\"dateModified\":\"2020-07-22T21:37:54+00:00\",\"author\":{\"@id\":\"https:\/\/2040.pt\/#\/schema\/person\/cd859d4e59693a3815c47b2b830753d6\"},\"breadcrumb\":{\"@id\":\"https:\/\/2040.pt\/index.php\/2020\/01\/16\/16-de-janeiro\/#breadcrumb\"},\"inLanguage\":\"pt-PT\",\"potentialAction\":[{\"@type\":\"ReadAction\",\"target\":[\"https:\/\/2040.pt\/index.php\/2020\/01\/16\/16-de-janeiro\/\"]}]},{\"@type\":\"BreadcrumbList\",\"@id\":\"https:\/\/2040.pt\/index.php\/2020\/01\/16\/16-de-janeiro\/#breadcrumb\",\"itemListElement\":[{\"@type\":\"ListItem\",\"position\":1,\"name\":\"In\u00edcio\",\"item\":\"https:\/\/2040.pt\/\"},{\"@type\":\"ListItem\",\"position\":2,\"name\":\"16 janeiro\"}]},{\"@type\":\"WebSite\",\"@id\":\"https:\/\/2040.pt\/#website\",\"url\":\"https:\/\/2040.pt\/\",\"name\":\"2040\",\"description\":\"\",\"potentialAction\":[{\"@type\":\"SearchAction\",\"target\":{\"@type\":\"EntryPoint\",\"urlTemplate\":\"https:\/\/2040.pt\/?s={search_term_string}\"},\"query-input\":{\"@type\":\"PropertyValueSpecification\",\"valueRequired\":true,\"valueName\":\"search_term_string\"}}],\"inLanguage\":\"pt-PT\"},{\"@type\":\"Person\",\"@id\":\"https:\/\/2040.pt\/#\/schema\/person\/cd859d4e59693a3815c47b2b830753d6\",\"name\":\"admin\",\"image\":{\"@type\":\"ImageObject\",\"inLanguage\":\"pt-PT\",\"@id\":\"https:\/\/2040.pt\/#\/schema\/person\/image\/\",\"url\":\"https:\/\/secure.gravatar.com\/avatar\/1cefd1d0e7866666143f53518be51634f86597367873c769b2c46a0d1b0e64f0?s=96&d=mm&r=g\",\"contentUrl\":\"https:\/\/secure.gravatar.com\/avatar\/1cefd1d0e7866666143f53518be51634f86597367873c769b2c46a0d1b0e64f0?s=96&d=mm&r=g\",\"caption\":\"admin\"},\"sameAs\":[\"https:\/\/2040.pt\"],\"url\":\"https:\/\/2040.pt\/index.php\/author\/amsalgueiro_20mbbe3d\/\"}]}<\/script>\n<!-- \/ Yoast SEO plugin. -->","yoast_head_json":{"title":"16 janeiro - 2040","robots":{"index":"index","follow":"follow","max-snippet":"max-snippet:-1","max-image-preview":"max-image-preview:large","max-video-preview":"max-video-preview:-1"},"canonical":"https:\/\/2040.pt\/index.php\/2020\/01\/16\/16-de-janeiro\/","og_locale":"pt_PT","og_type":"article","og_title":"16 janeiro - 2040","og_description":"Em tempos idos, 2013&nbsp;ou 2014, j\u00e1 n\u00e3o me lembro bem, come\u00e7ou a ser celebrado o dia do concelho, por ser a data da restaura\u00e7\u00e3o do&nbsp;mesmo&nbsp;em 1898.&nbsp;&nbsp; Segundo reza a lenda, o&nbsp;concelho de Arruda teve o seu primeiro foral atribu\u00eddo pelo primeiro rei portugu\u00eas dom Afonso Henriques&nbsp;em 1160&nbsp;e&nbsp;por isso poderemos dizer que este&nbsp;ano&nbsp;se completam&nbsp;880 anos&nbsp;sobre esse [&hellip;]","og_url":"https:\/\/2040.pt\/index.php\/2020\/01\/16\/16-de-janeiro\/","og_site_name":"2040","article_published_time":"2020-01-16T21:36:42+00:00","article_modified_time":"2020-07-22T21:37:54+00:00","author":"admin","twitter_card":"summary_large_image","twitter_misc":{"Escrito por":"admin","Tempo estimado de leitura":"4 minutos"},"schema":{"@context":"https:\/\/schema.org","@graph":[{"@type":"WebPage","@id":"https:\/\/2040.pt\/index.php\/2020\/01\/16\/16-de-janeiro\/","url":"https:\/\/2040.pt\/index.php\/2020\/01\/16\/16-de-janeiro\/","name":"16 janeiro - 2040","isPartOf":{"@id":"https:\/\/2040.pt\/#website"},"datePublished":"2020-01-16T21:36:42+00:00","dateModified":"2020-07-22T21:37:54+00:00","author":{"@id":"https:\/\/2040.pt\/#\/schema\/person\/cd859d4e59693a3815c47b2b830753d6"},"breadcrumb":{"@id":"https:\/\/2040.pt\/index.php\/2020\/01\/16\/16-de-janeiro\/#breadcrumb"},"inLanguage":"pt-PT","potentialAction":[{"@type":"ReadAction","target":["https:\/\/2040.pt\/index.php\/2020\/01\/16\/16-de-janeiro\/"]}]},{"@type":"BreadcrumbList","@id":"https:\/\/2040.pt\/index.php\/2020\/01\/16\/16-de-janeiro\/#breadcrumb","itemListElement":[{"@type":"ListItem","position":1,"name":"In\u00edcio","item":"https:\/\/2040.pt\/"},{"@type":"ListItem","position":2,"name":"16 janeiro"}]},{"@type":"WebSite","@id":"https:\/\/2040.pt\/#website","url":"https:\/\/2040.pt\/","name":"2040","description":"","potentialAction":[{"@type":"SearchAction","target":{"@type":"EntryPoint","urlTemplate":"https:\/\/2040.pt\/?s={search_term_string}"},"query-input":{"@type":"PropertyValueSpecification","valueRequired":true,"valueName":"search_term_string"}}],"inLanguage":"pt-PT"},{"@type":"Person","@id":"https:\/\/2040.pt\/#\/schema\/person\/cd859d4e59693a3815c47b2b830753d6","name":"admin","image":{"@type":"ImageObject","inLanguage":"pt-PT","@id":"https:\/\/2040.pt\/#\/schema\/person\/image\/","url":"https:\/\/secure.gravatar.com\/avatar\/1cefd1d0e7866666143f53518be51634f86597367873c769b2c46a0d1b0e64f0?s=96&d=mm&r=g","contentUrl":"https:\/\/secure.gravatar.com\/avatar\/1cefd1d0e7866666143f53518be51634f86597367873c769b2c46a0d1b0e64f0?s=96&d=mm&r=g","caption":"admin"},"sameAs":["https:\/\/2040.pt"],"url":"https:\/\/2040.pt\/index.php\/author\/amsalgueiro_20mbbe3d\/"}]}},"_links":{"self":[{"href":"https:\/\/2040.pt\/index.php\/wp-json\/wp\/v2\/posts\/11","targetHints":{"allow":["GET"]}}],"collection":[{"href":"https:\/\/2040.pt\/index.php\/wp-json\/wp\/v2\/posts"}],"about":[{"href":"https:\/\/2040.pt\/index.php\/wp-json\/wp\/v2\/types\/post"}],"author":[{"embeddable":true,"href":"https:\/\/2040.pt\/index.php\/wp-json\/wp\/v2\/users\/1"}],"replies":[{"embeddable":true,"href":"https:\/\/2040.pt\/index.php\/wp-json\/wp\/v2\/comments?post=11"}],"version-history":[{"count":2,"href":"https:\/\/2040.pt\/index.php\/wp-json\/wp\/v2\/posts\/11\/revisions"}],"predecessor-version":[{"id":13,"href":"https:\/\/2040.pt\/index.php\/wp-json\/wp\/v2\/posts\/11\/revisions\/13"}],"wp:attachment":[{"href":"https:\/\/2040.pt\/index.php\/wp-json\/wp\/v2\/media?parent=11"}],"wp:term":[{"taxonomy":"category","embeddable":true,"href":"https:\/\/2040.pt\/index.php\/wp-json\/wp\/v2\/categories?post=11"},{"taxonomy":"post_tag","embeddable":true,"href":"https:\/\/2040.pt\/index.php\/wp-json\/wp\/v2\/tags?post=11"}],"curies":[{"name":"wp","href":"https:\/\/api.w.org\/{rel}","templated":true}]}}